{"id":1,"date":"2026-07-22T20:01:16","date_gmt":"2026-07-22T18:01:16","guid":{"rendered":"https:\/\/szakkolikassa.sk\/hirek\/?p=1"},"modified":"2026-08-20T20:48:29","modified_gmt":"2026-08-20T18:48:29","slug":"hello-vilag","status":"publish","type":"post","link":"https:\/\/szakkolikassa.sk\/hirek\/2026\/07\/22\/hello-vilag\/","title":{"rendered":"Augusztus 31-ig m\u00e9g jelentkezhetsz!"},"content":{"rendered":"\n<p class=\"wp-block-paragraph\">Legy\u00e9l kassai szakkolis! Haszn\u00e1ld ki a lehet\u0151s\u00e9get, vannak m\u00e9g \u00fcres helyeink! Jelentkezz online, min\u00e9l kor\u00e1bban!<\/p>\n\n\n\n<p class=\"wp-block-paragraph\">Megny\u00edlt a Kassai Magyar Szakkoll\u00e9gium m\u00e1sodik felv\u00e9teli fordul\u00f3ja! A 2026\/2027-es tan\u00e9vre augusztus 31-ig lehet jelentkezni, el\u00e9g\u00a0<a href=\"https:\/\/szakkolikassa.sk\/felveteli-2026.php\">az al\u00e1bbi linken tal\u00e1lhat\u00f3 online k\u00e9rd\u0151\u00edvet kit\u00f6lteni<\/a>.<\/p>\n\n\n\n<p class=\"wp-block-paragraph\">V\u00e1rjuk azok jelentkez\u00e9s\u00e9t, akik nappali k\u00e9pz\u00e9sben tanulnak a kassai egyetemek valamelyik\u00e9n (esetleg az eperjesi egyetemen) az 1-4. \u00e9vfolyam valamelyik\u00e9ben (Bc. 1., 2., 3. \u00e9v vagy Mgr. 1. \u00e9v). \u00c9letkor: legfeljebb 25 \u00e9v.<\/p>\n\n\n\n<p class=\"wp-block-paragraph\">A felv\u00e9teli k\u00e9t k\u00f6rb\u0151l \u00e1ll, az els\u0151 az online k\u00e9rd\u0151\u00edv kit\u00f6lt\u00e9se. A m\u00e1sodik k\u00f6r a sz\u00f3beli meghallgat\u00e1s, amire szeptember 2-\u00e1n, szerd\u00e1n ker\u00fcl sor Kass\u00e1n, a szakkoll\u00e9giumban.<\/p>\n\n\n\n<p class=\"wp-block-paragraph\">Jelentkezz min\u00e9l kor\u00e1bban, hogy te is szakkolis lehess! Ha ismer\u0151s\u00f6d is Kass\u00e1n tanul, inform\u00e1ld \u0151t is!<\/p>\n\n\n\n<p class=\"wp-block-paragraph\"><\/p>\n","protected":false},"excerpt":{"rendered":"<p>Legy\u00e9l kassai szakkolis! Haszn\u00e1ld ki a lehet\u0151s\u00e9get, vannak m\u00e9g \u00fcres helyeink! Jelentkezz online, min\u00e9l kor\u00e1bban! Megny\u00edlt a Kassai Magyar Szakkoll\u00e9gium m\u00e1sodik felv\u00e9teli fordul\u00f3ja! A 2026\/2027-es tan\u00e9vre augusztus 31-ig lehet jelentkezni, el\u00e9g\u00a0az al\u00e1bbi linken tal\u00e1lhat\u00f3 online k\u00e9rd\u0151\u00edvet kit\u00f6lteni. V\u00e1rjuk azok jelentkez\u00e9s\u00e9t, akik nappali k\u00e9pz\u00e9sben tanulnak a kassai egyetemek valamelyik\u00e9n (esetleg az eperjesi egyetemen) az 1-4. \u00e9vfolyam\u2026<\/p>\n","protected":false},"author":1,"featured_media":13,"comment_status":"open","ping_status":"open","sticky":false,"template":"","format":"standard","meta":{"footnotes":""},"categories":[1],"tags":[],"class_list":["post-1","post","type-post","status-publish","format-standard","has-post-thumbnail","hentry","category-hirek"],"_links":{"self":[{"href":"https:\/\/szakkolikassa.sk\/hirek\/wp-json\/wp\/v2\/posts\/1","targetHints":{"allow":["GET"]}}],"collection":[{"href":"https:\/\/szakkolikassa.sk\/hirek\/wp-json\/wp\/v2\/posts"}],"about":[{"href":"https:\/\/szakkolikassa.sk\/hirek\/wp-json\/wp\/v2\/types\/post"}],"author":[{"embeddable":true,"href":"https:\/\/szakkolikassa.sk\/hirek\/wp-json\/wp\/v2\/users\/1"}],"replies":[{"embeddable":true,"href":"https:\/\/szakkolikassa.sk\/hirek\/wp-json\/wp\/v2\/comments?post=1"}],"version-history":[{"count":2,"href":"https:\/\/szakkolikassa.sk\/hirek\/wp-json\/wp\/v2\/posts\/1\/revisions"}],"predecessor-version":[{"id":14,"href":"https:\/\/szakkolikassa.sk\/hirek\/wp-json\/wp\/v2\/posts\/1\/revisions\/14"}],"wp:featuredmedia":[{"embeddable":true,"href":"https:\/\/szakkolikassa.sk\/hirek\/wp-json\/wp\/v2\/media\/13"}],"wp:attachment":[{"href":"https:\/\/szakkolikassa.sk\/hirek\/wp-json\/wp\/v2\/media?parent=1"}],"wp:term":[{"taxonomy":"category","embeddable":true,"href":"https:\/\/szakkolikassa.sk\/hirek\/wp-json\/wp\/v2\/categories?post=1"},{"taxonomy":"post_tag","embeddable":true,"href":"https:\/\/szakkolikassa.sk\/hirek\/wp-json\/wp\/v2\/tags?post=1"}],"curies":[{"name":"wp","href":"https:\/\/api.w.org\/{rel}","templated":true}]}}