{"id":15,"date":"2026-07-17T20:48:54","date_gmt":"2026-07-17T18:48:54","guid":{"rendered":"https:\/\/szakkolikassa.sk\/hirek\/?p=15"},"modified":"2026-08-20T20:53:31","modified_gmt":"2026-08-20T18:53:31","slug":"a-felvideki-tehetseggondozasrol-gombaszogon","status":"publish","type":"post","link":"https:\/\/szakkolikassa.sk\/hirek\/2026\/07\/17\/a-felvideki-tehetseggondozasrol-gombaszogon\/","title":{"rendered":"A felvid\u00e9ki tehets\u00e9ggondoz\u00e1sr\u00f3l Gombasz\u00f6g\u00f6n"},"content":{"rendered":"\n<p class=\"wp-block-paragraph\">Az idei gombasz\u00f6gi fesztiv\u00e1lon a SzakSz\u00f6g s\u00e1tor mellett a nagys\u00e1torban is megjelentek a szakkoll\u00e9giumi t\u00e9m\u00e1k. Int\u00e9zm\u00e9nyeink tanulm\u00e1nyi vezet\u0151i besz\u00e9lgettek a tehets\u00e9ggondoz\u00e1s fontoss\u00e1g\u00e1r\u00f3l.<\/p>\n\n\n\n<p class=\"wp-block-paragraph\">Mit k\u00edn\u00e1lnak a szakkoll\u00e9giumok a magyar egyetemist\u00e1knak Szlov\u00e1ki\u00e1ban? Milyen a tehets\u00e9ggondoz\u00e1s helyzete? Milyen kih\u00edv\u00e1sokkal szembes\u00fclnek int\u00e9zm\u00e9nyeink? <\/p>\n\n\n\n<p class=\"wp-block-paragraph\"><br>Egyebek mellett ezeket a k\u00e9rd\u00e9seket j\u00e1rt\u00e1k k\u00f6rbe a kassai, a nyitrai, a kom\u00e1romi \u00e9s a pozsonyi szakkoll\u00e9giumok tanulm\u00e1nyi vezet\u0151i azon a besz\u00e9lget\u00e9sen, amelyre a Gombasz\u00f6gi Ny\u00e1ri T\u00e1bor nagys\u00e1tr\u00e1ban ker\u00fclt sor. A besz\u00e9lget\u00e9s moder\u00e1l\u00e1s\u00e1t B\u00e1rczi Zs\u00f3fia docens, a Nyitrai Magyar Szakkoll\u00e9gium Tanulm\u00e1nyi Tan\u00e1cs\u00e1nak tagja v\u00e1llalta, aki izgalmas k\u00e9rd\u00e9sekkel bomb\u00e1zta a fiatal tanulm\u00e1nyi vezet\u0151ket. Int\u00e9zm\u00e9ny\u00fcnket Kupec Zs\u00f3fia tanulm\u00e1nyi vezet\u0151 k\u00e9pviselte. <\/p>\n\n\n\n<figure class=\"wp-block-image size-large\"><img loading=\"lazy\" decoding=\"async\" width=\"1024\" height=\"683\" src=\"https:\/\/szakkolikassa.sk\/hirek\/wp-content\/uploads\/2026\/08\/NRweb-cikk3-1-1024x683.jpg\" alt=\"\" class=\"wp-image-17\" srcset=\"https:\/\/szakkolikassa.sk\/hirek\/wp-content\/uploads\/2026\/08\/NRweb-cikk3-1-1024x683.jpg 1024w, https:\/\/szakkolikassa.sk\/hirek\/wp-content\/uploads\/2026\/08\/NRweb-cikk3-1-300x200.jpg 300w, https:\/\/szakkolikassa.sk\/hirek\/wp-content\/uploads\/2026\/08\/NRweb-cikk3-1-767x511.jpg 767w, https:\/\/szakkolikassa.sk\/hirek\/wp-content\/uploads\/2026\/08\/NRweb-cikk3-1-1536x1024.jpg 1536w, https:\/\/szakkolikassa.sk\/hirek\/wp-content\/uploads\/2026\/08\/NRweb-cikk3-1.jpg 2048w\" sizes=\"auto, (max-width: 1024px) 100vw, 1024px\" \/><\/figure>\n","protected":false},"excerpt":{"rendered":"<p>Az idei gombasz\u00f6gi fesztiv\u00e1lon a SzakSz\u00f6g s\u00e1tor mellett a nagys\u00e1torban is megjelentek a szakkoll\u00e9giumi t\u00e9m\u00e1k. Int\u00e9zm\u00e9nyeink tanulm\u00e1nyi vezet\u0151i besz\u00e9lgettek a tehets\u00e9ggondoz\u00e1s fontoss\u00e1g\u00e1r\u00f3l. Mit k\u00edn\u00e1lnak a szakkoll\u00e9giumok a magyar egyetemist\u00e1knak Szlov\u00e1ki\u00e1ban? Milyen a tehets\u00e9ggondoz\u00e1s helyzete? Milyen kih\u00edv\u00e1sokkal szembes\u00fclnek int\u00e9zm\u00e9nyeink? Egyebek mellett ezeket a k\u00e9rd\u00e9seket j\u00e1rt\u00e1k k\u00f6rbe a kassai, a nyitrai, a kom\u00e1romi \u00e9s a pozsonyi szakkoll\u00e9giumok\u2026<\/p>\n","protected":false},"author":1,"featured_media":16,"comment_status":"open","ping_status":"open","sticky":false,"template":"","format":"standard","meta":{"footnotes":""},"categories":[1],"tags":[],"class_list":["post-15","post","type-post","status-publish","format-standard","has-post-thumbnail","hentry","category-hirek"],"_links":{"self":[{"href":"https:\/\/szakkolikassa.sk\/hirek\/wp-json\/wp\/v2\/posts\/15","targetHints":{"allow":["GET"]}}],"collection":[{"href":"https:\/\/szakkolikassa.sk\/hirek\/wp-json\/wp\/v2\/posts"}],"about":[{"href":"https:\/\/szakkolikassa.sk\/hirek\/wp-json\/wp\/v2\/types\/post"}],"author":[{"embeddable":true,"href":"https:\/\/szakkolikassa.sk\/hirek\/wp-json\/wp\/v2\/users\/1"}],"replies":[{"embeddable":true,"href":"https:\/\/szakkolikassa.sk\/hirek\/wp-json\/wp\/v2\/comments?post=15"}],"version-history":[{"count":1,"href":"https:\/\/szakkolikassa.sk\/hirek\/wp-json\/wp\/v2\/posts\/15\/revisions"}],"predecessor-version":[{"id":18,"href":"https:\/\/szakkolikassa.sk\/hirek\/wp-json\/wp\/v2\/posts\/15\/revisions\/18"}],"wp:featuredmedia":[{"embeddable":true,"href":"https:\/\/szakkolikassa.sk\/hirek\/wp-json\/wp\/v2\/media\/16"}],"wp:attachment":[{"href":"https:\/\/szakkolikassa.sk\/hirek\/wp-json\/wp\/v2\/media?parent=15"}],"wp:term":[{"taxonomy":"category","embeddable":true,"href":"https:\/\/szakkolikassa.sk\/hirek\/wp-json\/wp\/v2\/categories?post=15"},{"taxonomy":"post_tag","embeddable":true,"href":"https:\/\/szakkolikassa.sk\/hirek\/wp-json\/wp\/v2\/tags?post=15"}],"curies":[{"name":"wp","href":"https:\/\/api.w.org\/{rel}","templated":true}]}}