{"id":19,"date":"2026-07-20T20:53:48","date_gmt":"2026-07-20T18:53:48","guid":{"rendered":"https:\/\/szakkolikassa.sk\/hirek\/?p=19"},"modified":"2026-08-20T20:58:04","modified_gmt":"2026-08-20T18:58:04","slug":"tizbol-negy-erettsegizo-magyarorszagon-folytatna-kutatasunk","status":"publish","type":"post","link":"https:\/\/szakkolikassa.sk\/hirek\/2026\/07\/20\/tizbol-negy-erettsegizo-magyarorszagon-folytatna-kutatasunk\/","title":{"rendered":"T\u00edzb\u0151l n\u00e9gy \u00e9retts\u00e9giz\u0151 Magyarorsz\u00e1gon folytatn\u00e1 &#8211; kutat\u00e1sunk"},"content":{"rendered":"\n<p class=\"wp-block-paragraph\">Mennyien maradnak itthon \u00e9s h\u00e1nyan t\u00e1vozn\u00e1nak? Hol, milyen szempontok alapj\u00e1n folytatn\u00e1k tanulm\u00e1nyaikat a felvid\u00e9ki magyar \u00e9retts\u00e9giz\u0151k? Erre voltunk k\u00edv\u00e1ncsiak kutat\u00e1sunkban. Az els\u0151 jelent\u00e9st a Gombasz\u00f6gi Ny\u00e1ri T\u00e1borban szervezett SzakSz\u00f6g s\u00e1torban mutattuk be.<\/p>\n\n\n\n<h2 class=\"wp-block-heading\"><\/h2>\n\n\n\n<p class=\"wp-block-paragraph\">A szlov\u00e1kiai magyar v\u00e9gz\u0151 k\u00f6z\u00e9piskol\u00e1sok k\u00f6z\u00f6tt Pozsony, Nyitra, Kom\u00e1rom \u00e9s Kassa a legn\u00e9pszer\u0171bb egyetemi c\u00e9lpontok, a t\u00f6bbi hazai egyetemi v\u00e1ros ut\u00e1ni \u00e9rdekl\u0151d\u00e9s minim\u00e1lis. Ez j\u00f3 h\u00edr a magyar tehets\u00e9ggondoz\u00e1s sz\u00e1m\u00e1ra, hiszen ebben a n\u00e9gy v\u00e1rosban m\u0171k\u00f6dik magyar szakkoll\u00e9gium. 2024 szeptembere \u00f3ta Kom\u00e1romban is, a 2026\/2027-es \u00e9vre pedig szeptember 4-ig m\u00e9g jelentkezni lehet (<a href=\"https:\/\/szakkolikassa.sk\/felveteli-2026.php\">b\u0151vebb inform\u00e1ci\u00f3 itt<\/a>).<\/p>\n\n\n\n<p class=\"wp-block-paragraph\">Sokkal aggaszt\u00f3bb, hogy t\u00edzb\u0151l n\u00e9gy magyar \u00e9retts\u00e9giz\u0151 magyarorsz\u00e1gi egyetemen k\u00e9pzeli el a j\u00f6v\u0151j\u00e9t &#8211; az ar\u00e1ny kor\u00e1bbi kutat\u00e1sok szerint is ilyen magas. A magyarorsz\u00e1gi tanulm\u00e1ny \u00f6nmag\u00e1ban egy\u00e1ltal\u00e1n nem a probl\u00e9ma, a gond az, hogy a diploma megszerz\u00e9se ut\u00e1n nagyon kevesen t\u00e9rnek haza sz\u00fcl\u0151f\u00f6ldj\u00fckre. <\/p>\n\n\n\n<p class=\"wp-block-paragraph\">Egyebek mellett a fenti t\u00e9nyek der\u00fclt ki az idei Gombasz\u00f6g\u00f6n debut\u00e1l\u00f3 SzakSz\u00f6g s\u00e1torban szervezett szombati prezent\u00e1ci\u00f3b\u00f3l, amely sor\u00e1n M\u00f3zes Szabolcs szakkoll\u00e9giumi igazgat\u00f3 bemutatta a n\u00e9gy szakkoll\u00e9gium \u00e1ltal k\u00e9sz\u00edtett k\u00f6z\u00f6s kutat\u00e1s els\u0151 eredm\u00e9nyeit. Az adatokat tavasszal, a felv\u00e9teli t\u00e1j\u00e9koztat\u00f3 k\u00f6r\u00fat alkalm\u00e1val r\u00f6gz\u00edtett\u00e9k. T\u00f6bb mint egy tucatnyi helysz\u00ednen \u00f6sszesen 485, d\u00f6nt\u0151en negyedikes magyar k\u00f6z\u00e9piskol\u00e1s t\u00f6lt\u00f6tte ki az anonim k\u00e9rd\u0151\u00edvet.<\/p>\n\n\n\n<p class=\"wp-block-paragraph\">A r\u00e9szletes adatokat \u0151sszel fogjuk prezent\u00e1lni weboldalunkon, valamint a k\u00f6z\u00f6ss\u00e9gi m\u00e9di\u00e1s platformjainkon.<\/p>\n","protected":false},"excerpt":{"rendered":"<p>Mennyien maradnak itthon \u00e9s h\u00e1nyan t\u00e1vozn\u00e1nak? Hol, milyen szempontok alapj\u00e1n folytatn\u00e1k tanulm\u00e1nyaikat a felvid\u00e9ki magyar \u00e9retts\u00e9giz\u0151k? Erre voltunk k\u00edv\u00e1ncsiak kutat\u00e1sunkban. Az els\u0151 jelent\u00e9st a Gombasz\u00f6gi Ny\u00e1ri T\u00e1borban szervezett SzakSz\u00f6g s\u00e1torban mutattuk be. A szlov\u00e1kiai magyar v\u00e9gz\u0151 k\u00f6z\u00e9piskol\u00e1sok k\u00f6z\u00f6tt Pozsony, Nyitra, Kom\u00e1rom \u00e9s Kassa a legn\u00e9pszer\u0171bb egyetemi c\u00e9lpontok, a t\u00f6bbi hazai egyetemi v\u00e1ros ut\u00e1ni \u00e9rdekl\u0151d\u00e9s minim\u00e1lis.\u2026<\/p>\n","protected":false},"author":1,"featured_media":20,"comment_status":"open","ping_status":"open","sticky":false,"template":"","format":"standard","meta":{"footnotes":""},"categories":[1],"tags":[],"class_list":["post-19","post","type-post","status-publish","format-standard","has-post-thumbnail","hentry","category-hirek"],"_links":{"self":[{"href":"https:\/\/szakkolikassa.sk\/hirek\/wp-json\/wp\/v2\/posts\/19","targetHints":{"allow":["GET"]}}],"collection":[{"href":"https:\/\/szakkolikassa.sk\/hirek\/wp-json\/wp\/v2\/posts"}],"about":[{"href":"https:\/\/szakkolikassa.sk\/hirek\/wp-json\/wp\/v2\/types\/post"}],"author":[{"embeddable":true,"href":"https:\/\/szakkolikassa.sk\/hirek\/wp-json\/wp\/v2\/users\/1"}],"replies":[{"embeddable":true,"href":"https:\/\/szakkolikassa.sk\/hirek\/wp-json\/wp\/v2\/comments?post=19"}],"version-history":[{"count":1,"href":"https:\/\/szakkolikassa.sk\/hirek\/wp-json\/wp\/v2\/posts\/19\/revisions"}],"predecessor-version":[{"id":21,"href":"https:\/\/szakkolikassa.sk\/hirek\/wp-json\/wp\/v2\/posts\/19\/revisions\/21"}],"wp:featuredmedia":[{"embeddable":true,"href":"https:\/\/szakkolikassa.sk\/hirek\/wp-json\/wp\/v2\/media\/20"}],"wp:attachment":[{"href":"https:\/\/szakkolikassa.sk\/hirek\/wp-json\/wp\/v2\/media?parent=19"}],"wp:term":[{"taxonomy":"category","embeddable":true,"href":"https:\/\/szakkolikassa.sk\/hirek\/wp-json\/wp\/v2\/categories?post=19"},{"taxonomy":"post_tag","embeddable":true,"href":"https:\/\/szakkolikassa.sk\/hirek\/wp-json\/wp\/v2\/tags?post=19"}],"curies":[{"name":"wp","href":"https:\/\/api.w.org\/{rel}","templated":true}]}}