{"id":22,"date":"2026-08-03T20:58:24","date_gmt":"2026-08-03T18:58:24","guid":{"rendered":"https:\/\/szakkolikassa.sk\/hirek\/?p=22"},"modified":"2026-08-20T21:00:54","modified_gmt":"2026-08-20T19:00:54","slug":"interju-a-kassai-szakkoli-gombaszogi-vendegevel","status":"publish","type":"post","link":"https:\/\/szakkolikassa.sk\/hirek\/2026\/08\/03\/interju-a-kassai-szakkoli-gombaszogi-vendegevel\/","title":{"rendered":"Interj\u00fa a kassai szakkoli gombasz\u00f6gi vend\u00e9g\u00e9vel"},"content":{"rendered":"\n<p class=\"wp-block-paragraph\">Z\u00e1rug P\u00e9ter Farkas&nbsp;magyarorsz\u00e1gi politol\u00f3gus volt a gombasz\u00f6gi t\u00e1borban id\u00e9n deb\u00fct\u00e1l\u00f3 SzakSz\u00f6g-s\u00e1tor egyik vend\u00e9ge. Az ismert szem\u00e9lyis\u00e9ggel a besz\u00e9lget\u00e9s ut\u00e1n a Napunk h\u00edrport\u00e1l k\u00e9sz\u00edtett nagyinterj\u00fat, kiemelve, hol \u00e9s hogyan ker\u00fclt sor az el\u0151ad\u00e1sra.<\/p>\n\n\n\n<p class=\"wp-block-paragraph\">Z\u00e1rug P\u00e9ter Farkas \u00e9s T\u00f6r\u00f6k G\u00e1bor politol\u00f3gusok&nbsp;<em>Orb\u00e1n kora&nbsp;<\/em>c\u00edm\u0171&nbsp;<a href=\"https:\/\/www.libri.hu\/konyv\/torok_gabor.orban-kora.html?gad_source=1&amp;gad_campaignid=204333417&amp;gbraid=0AAAAAD-5On8zpQkqNJUGMV5Hr0r46l2Fr&amp;gclid=Cj0KCQjwjvfSBhDpARIsAEiOpSvMLPF-GmKzCT7fYfOJA347GdqAjqkKBXEoPw6WuNdMDX7WWANs8RoaAlyjEALw_wcB\">k\u00f6z\u00f6s k\u00f6nyv\u00fckben<\/a>&nbsp;pr\u00f3b\u00e1ltak v\u00e1laszt tal\u00e1lni arra, hogyan is nevezhet\u0151 az a&nbsp;saj\u00e1tos rendszer, amit Orb\u00e1n Viktor \u00e9p\u00edtett fel, \u00e9s most Magyar P\u00e9ter ker\u00fclt az \u00e9l\u00e9re \u2013 ez az \u00faj \u00e1llamelm\u00e9leti kateg\u00f3ria \u00e9s keret az \u201eabszol\u00fat k\u00f6zt\u00e1rsas\u00e1g\u201d.&nbsp;<\/p>\n\n\n\n<p class=\"wp-block-paragraph\">Az interj\u00fa az al\u00e1bbi linket olvashat\u00f3 el:<br><a href=\"https:\/\/napunk.dennikn.sk\/hu\/5464127\/zarug-peter-farkas-politologus-magyar-peter-belakja-az-abszolut-koztarsasagot-amit-orban-hagyott-maga-utan\/\">https:\/\/napunk.dennikn.sk\/hu\/5464127\/zarug-peter-farkas-politologus-magyar-peter-belakja-az-abszolut-koztarsasagot-amit-orban-hagyott-maga-utan\/<\/a><\/p>\n\n\n\n<p class=\"wp-block-paragraph\"><\/p>\n","protected":false},"excerpt":{"rendered":"<p>Z\u00e1rug P\u00e9ter Farkas&nbsp;magyarorsz\u00e1gi politol\u00f3gus volt a gombasz\u00f6gi t\u00e1borban id\u00e9n deb\u00fct\u00e1l\u00f3 SzakSz\u00f6g-s\u00e1tor egyik vend\u00e9ge. Az ismert szem\u00e9lyis\u00e9ggel a besz\u00e9lget\u00e9s ut\u00e1n a Napunk h\u00edrport\u00e1l k\u00e9sz\u00edtett nagyinterj\u00fat, kiemelve, hol \u00e9s hogyan ker\u00fclt sor az el\u0151ad\u00e1sra. Z\u00e1rug P\u00e9ter Farkas \u00e9s T\u00f6r\u00f6k G\u00e1bor politol\u00f3gusok&nbsp;Orb\u00e1n kora&nbsp;c\u00edm\u0171&nbsp;k\u00f6z\u00f6s k\u00f6nyv\u00fckben&nbsp;pr\u00f3b\u00e1ltak v\u00e1laszt tal\u00e1lni arra, hogyan is nevezhet\u0151 az a&nbsp;saj\u00e1tos rendszer, amit Orb\u00e1n Viktor \u00e9p\u00edtett fel,\u2026<\/p>\n","protected":false},"author":1,"featured_media":23,"comment_status":"open","ping_status":"open","sticky":false,"template":"","format":"standard","meta":{"footnotes":""},"categories":[2],"tags":[],"class_list":["post-22","post","type-post","status-publish","format-standard","has-post-thumbnail","hentry","category-rolunk-irtak"],"_links":{"self":[{"href":"https:\/\/szakkolikassa.sk\/hirek\/wp-json\/wp\/v2\/posts\/22","targetHints":{"allow":["GET"]}}],"collection":[{"href":"https:\/\/szakkolikassa.sk\/hirek\/wp-json\/wp\/v2\/posts"}],"about":[{"href":"https:\/\/szakkolikassa.sk\/hirek\/wp-json\/wp\/v2\/types\/post"}],"author":[{"embeddable":true,"href":"https:\/\/szakkolikassa.sk\/hirek\/wp-json\/wp\/v2\/users\/1"}],"replies":[{"embeddable":true,"href":"https:\/\/szakkolikassa.sk\/hirek\/wp-json\/wp\/v2\/comments?post=22"}],"version-history":[{"count":1,"href":"https:\/\/szakkolikassa.sk\/hirek\/wp-json\/wp\/v2\/posts\/22\/revisions"}],"predecessor-version":[{"id":24,"href":"https:\/\/szakkolikassa.sk\/hirek\/wp-json\/wp\/v2\/posts\/22\/revisions\/24"}],"wp:featuredmedia":[{"embeddable":true,"href":"https:\/\/szakkolikassa.sk\/hirek\/wp-json\/wp\/v2\/media\/23"}],"wp:attachment":[{"href":"https:\/\/szakkolikassa.sk\/hirek\/wp-json\/wp\/v2\/media?parent=22"}],"wp:term":[{"taxonomy":"category","embeddable":true,"href":"https:\/\/szakkolikassa.sk\/hirek\/wp-json\/wp\/v2\/categories?post=22"},{"taxonomy":"post_tag","embeddable":true,"href":"https:\/\/szakkolikassa.sk\/hirek\/wp-json\/wp\/v2\/tags?post=22"}],"curies":[{"name":"wp","href":"https:\/\/api.w.org\/{rel}","templated":true}]}}