{"id":25,"date":"2026-05-05T21:01:10","date_gmt":"2026-05-05T19:01:10","guid":{"rendered":"https:\/\/szakkolikassa.sk\/hirek\/?p=25"},"modified":"2026-08-20T21:02:40","modified_gmt":"2026-08-20T19:02:40","slug":"felveteli-korutunk-elerte-az-orszagos-media-ingerkuszobet","status":"publish","type":"post","link":"https:\/\/szakkolikassa.sk\/hirek\/2026\/05\/05\/felveteli-korutunk-elerte-az-orszagos-media-ingerkuszobet\/","title":{"rendered":"Felv\u00e9teli k\u00f6rutunk el\u00e9rte az orsz\u00e1gos m\u00e9dia ingerk\u00fcsz\u00f6b\u00e9t"},"content":{"rendered":"\n<p class=\"wp-block-paragraph\">A n\u00e9gy felvid\u00e9ki szakkoll\u00e9gium k\u00f6z\u00f6s csapata id\u00e9n tavasszal nagyszab\u00e1s\u00fa orsz\u00e1gj\u00e1r\u00e1sba kezdett, amelynek c\u00e9lja, hogy k\u00f6zvetlen\u00fcl sz\u00f3l\u00edtsa meg a k\u00f6z\u00e9piskol\u00e1sokat, valamint bemutassa a szakkoll\u00e9giumi \u00e9let lehet\u0151s\u00e9geit, m\u0171k\u00f6d\u00e9s\u00e9t \u00e9s k\u00f6z\u00f6ss\u00e9gi erej\u00e9t.<\/p>\n\n\n\n<p class=\"wp-block-paragraph\"><strong>40 iskola \u00e9s t\u00f6bb mint 1000 di\u00e1k<\/strong><\/p>\n\n\n\n<p class=\"wp-block-paragraph\">Az iskolal\u00e1togat\u00f3 k\u00f6r\u00fat keret\u00e9ben \u00f6sszesen 22 gimn\u00e1ziumba \u00e9s szakk\u00f6z\u00e9piskol\u00e1ba l\u00e1togatnak el a szakkoll\u00e9giumok k\u00e9pvisel\u0151i. A program azonban nemcsak a szem\u00e9lyes jelenl\u00e9tre \u00e9p\u00edt: tov\u00e1bbi 18 iskol\u00e1ba kiadv\u00e1nyokat k\u00e9zbes\u00edtenek, \u00edgy \u00f6sszesen mintegy 40 iskol\u00e1val \u00e9s t\u00f6bb mint ezer di\u00e1kkal ker\u00fclnek kapcsolatba.<\/p>\n\n\n\n<p class=\"wp-block-paragraph\">Tov\u00e1bbi r\u00e9szletek a Param\u00e9ter riportj\u00e1ban:<br><a href=\"https:\/\/parameter.sk\/1339085\/40-iskola-tobb-mint-ezer-diakja-mar-tudja-mennyire-meno-szakkolisnak-lenni\/\">https:\/\/parameter.sk\/1339085\/40-iskola-tobb-mint-ezer-diakja-mar-tudja-mennyire-meno-szakkolisnak-lenni\/<\/a><\/p>\n\n\n\n<p class=\"wp-block-paragraph\"><\/p>\n","protected":false},"excerpt":{"rendered":"<p>A n\u00e9gy felvid\u00e9ki szakkoll\u00e9gium k\u00f6z\u00f6s csapata id\u00e9n tavasszal nagyszab\u00e1s\u00fa orsz\u00e1gj\u00e1r\u00e1sba kezdett, amelynek c\u00e9lja, hogy k\u00f6zvetlen\u00fcl sz\u00f3l\u00edtsa meg a k\u00f6z\u00e9piskol\u00e1sokat, valamint bemutassa a szakkoll\u00e9giumi \u00e9let lehet\u0151s\u00e9geit, m\u0171k\u00f6d\u00e9s\u00e9t \u00e9s k\u00f6z\u00f6ss\u00e9gi erej\u00e9t. 40 iskola \u00e9s t\u00f6bb mint 1000 di\u00e1k Az iskolal\u00e1togat\u00f3 k\u00f6r\u00fat keret\u00e9ben \u00f6sszesen 22 gimn\u00e1ziumba \u00e9s szakk\u00f6z\u00e9piskol\u00e1ba l\u00e1togatnak el a szakkoll\u00e9giumok k\u00e9pvisel\u0151i. A program azonban nemcsak a\u2026<\/p>\n","protected":false},"author":1,"featured_media":26,"comment_status":"open","ping_status":"open","sticky":false,"template":"","format":"standard","meta":{"footnotes":""},"categories":[2],"tags":[],"class_list":["post-25","post","type-post","status-publish","format-standard","has-post-thumbnail","hentry","category-rolunk-irtak"],"_links":{"self":[{"href":"https:\/\/szakkolikassa.sk\/hirek\/wp-json\/wp\/v2\/posts\/25","targetHints":{"allow":["GET"]}}],"collection":[{"href":"https:\/\/szakkolikassa.sk\/hirek\/wp-json\/wp\/v2\/posts"}],"about":[{"href":"https:\/\/szakkolikassa.sk\/hirek\/wp-json\/wp\/v2\/types\/post"}],"author":[{"embeddable":true,"href":"https:\/\/szakkolikassa.sk\/hirek\/wp-json\/wp\/v2\/users\/1"}],"replies":[{"embeddable":true,"href":"https:\/\/szakkolikassa.sk\/hirek\/wp-json\/wp\/v2\/comments?post=25"}],"version-history":[{"count":1,"href":"https:\/\/szakkolikassa.sk\/hirek\/wp-json\/wp\/v2\/posts\/25\/revisions"}],"predecessor-version":[{"id":27,"href":"https:\/\/szakkolikassa.sk\/hirek\/wp-json\/wp\/v2\/posts\/25\/revisions\/27"}],"wp:featuredmedia":[{"embeddable":true,"href":"https:\/\/szakkolikassa.sk\/hirek\/wp-json\/wp\/v2\/media\/26"}],"wp:attachment":[{"href":"https:\/\/szakkolikassa.sk\/hirek\/wp-json\/wp\/v2\/media?parent=25"}],"wp:term":[{"taxonomy":"category","embeddable":true,"href":"https:\/\/szakkolikassa.sk\/hirek\/wp-json\/wp\/v2\/categories?post=25"},{"taxonomy":"post_tag","embeddable":true,"href":"https:\/\/szakkolikassa.sk\/hirek\/wp-json\/wp\/v2\/tags?post=25"}],"curies":[{"name":"wp","href":"https:\/\/api.w.org\/{rel}","templated":true}]}}