{"id":28,"date":"2026-04-29T21:02:52","date_gmt":"2026-04-29T19:02:52","guid":{"rendered":"https:\/\/szakkolikassa.sk\/hirek\/?p=28"},"modified":"2026-08-20T21:04:23","modified_gmt":"2026-08-20T19:04:23","slug":"a-pszt-talalkozotol-hangos-a-media","status":"publish","type":"post","link":"https:\/\/szakkolikassa.sk\/hirek\/2026\/04\/29\/a-pszt-talalkozotol-hangos-a-media\/","title":{"rendered":"A PSZT! tal\u00e1lkoz\u00f3t\u00f3l hangos a m\u00e9dia"},"content":{"rendered":"\n<p class=\"wp-block-paragraph\">\u00d6t\u00f6dik alkalommal rendezt\u00e9k meg a Pozsonyi Szakkolis Tal\u00e1lkoz\u00f3t (PSZT!), amely id\u00e9n minden eddigin\u00e9l sz\u00e9lesebb k\u00f6rben hozta \u00f6ssze a szlov\u00e1kiai magyar egyetemist\u00e1kat.<\/p>\n\n\n\n<p class=\"wp-block-paragraph\">A tal\u00e1lkoz\u00f3 j\u00f3l t\u00fckr\u00f6zi a szakkoll\u00e9giumi mozgalom dinamikus fejl\u0151d\u00e9s\u00e9t. M\u00edg a Pozsonyi Magyar Szakkoll\u00e9gium m\u00e1r t\u00edz\u00e9ves m\u00faltra tekint vissza, addig a kom\u00e1romi int\u00e9zm\u00e9ny k\u00e9t \u00e9ve, a kassai \u00e9s a nyitrai pedig tavaly kezdte meg m\u0171k\u00f6d\u00e9s\u00e9t. A h\u00e1l\u00f3zat c\u00e9lja k\u00f6z\u00f6s: olyan fiatal \u00e9rtelmis\u00e9gi k\u00f6z\u00f6ss\u00e9g \u00e9p\u00edt\u00e9se, amely szakmailag \u00e9s k\u00f6z\u00f6ss\u00e9gileg is t\u00e1mogatja tagjait.<\/p>\n\n\n\n<p class=\"wp-block-paragraph\">A teljes riport a Param\u00e9ter oldal\u00e1n olvashat\u00f3:<br><a href=\"https:\/\/parameter.sk\/1336455\/pszt-2026-nagy-durranas-volt-az-idei-pozsonyi-szakkolis-talalkozo-fotok\/\">https:\/\/parameter.sk\/1336455\/pszt-2026-nagy-durranas-volt-az-idei-pozsonyi-szakkolis-talalkozo-fotok\/<\/a><\/p>\n\n\n\n<p class=\"wp-block-paragraph\"><\/p>\n","protected":false},"excerpt":{"rendered":"<p>\u00d6t\u00f6dik alkalommal rendezt\u00e9k meg a Pozsonyi Szakkolis Tal\u00e1lkoz\u00f3t (PSZT!), amely id\u00e9n minden eddigin\u00e9l sz\u00e9lesebb k\u00f6rben hozta \u00f6ssze a szlov\u00e1kiai magyar egyetemist\u00e1kat. A tal\u00e1lkoz\u00f3 j\u00f3l t\u00fckr\u00f6zi a szakkoll\u00e9giumi mozgalom dinamikus fejl\u0151d\u00e9s\u00e9t. M\u00edg a Pozsonyi Magyar Szakkoll\u00e9gium m\u00e1r t\u00edz\u00e9ves m\u00faltra tekint vissza, addig a kom\u00e1romi int\u00e9zm\u00e9ny k\u00e9t \u00e9ve, a kassai \u00e9s a nyitrai pedig tavaly kezdte meg\u2026<\/p>\n","protected":false},"author":1,"featured_media":29,"comment_status":"open","ping_status":"open","sticky":false,"template":"","format":"standard","meta":{"footnotes":""},"categories":[2],"tags":[],"class_list":["post-28","post","type-post","status-publish","format-standard","has-post-thumbnail","hentry","category-rolunk-irtak"],"_links":{"self":[{"href":"https:\/\/szakkolikassa.sk\/hirek\/wp-json\/wp\/v2\/posts\/28","targetHints":{"allow":["GET"]}}],"collection":[{"href":"https:\/\/szakkolikassa.sk\/hirek\/wp-json\/wp\/v2\/posts"}],"about":[{"href":"https:\/\/szakkolikassa.sk\/hirek\/wp-json\/wp\/v2\/types\/post"}],"author":[{"embeddable":true,"href":"https:\/\/szakkolikassa.sk\/hirek\/wp-json\/wp\/v2\/users\/1"}],"replies":[{"embeddable":true,"href":"https:\/\/szakkolikassa.sk\/hirek\/wp-json\/wp\/v2\/comments?post=28"}],"version-history":[{"count":1,"href":"https:\/\/szakkolikassa.sk\/hirek\/wp-json\/wp\/v2\/posts\/28\/revisions"}],"predecessor-version":[{"id":30,"href":"https:\/\/szakkolikassa.sk\/hirek\/wp-json\/wp\/v2\/posts\/28\/revisions\/30"}],"wp:featuredmedia":[{"embeddable":true,"href":"https:\/\/szakkolikassa.sk\/hirek\/wp-json\/wp\/v2\/media\/29"}],"wp:attachment":[{"href":"https:\/\/szakkolikassa.sk\/hirek\/wp-json\/wp\/v2\/media?parent=28"}],"wp:term":[{"taxonomy":"category","embeddable":true,"href":"https:\/\/szakkolikassa.sk\/hirek\/wp-json\/wp\/v2\/categories?post=28"},{"taxonomy":"post_tag","embeddable":true,"href":"https:\/\/szakkolikassa.sk\/hirek\/wp-json\/wp\/v2\/tags?post=28"}],"curies":[{"name":"wp","href":"https:\/\/api.w.org\/{rel}","templated":true}]}}